{"id":132,"date":"2021-07-28T11:52:50","date_gmt":"2021-07-28T09:52:50","guid":{"rendered":"https:\/\/www.freundeskreis-lgs2024.de\/?p=132"},"modified":"2021-10-25T10:34:52","modified_gmt":"2021-10-25T08:34:52","slug":"der-freundeskreis-der-landesgartenschau-ist-nun-ein-e-v","status":"publish","type":"post","link":"https:\/\/www.freundeskreis-lgs2024.de\/index.php\/07\/2021\/132\/","title":{"rendered":"Der Freundeskreis der Landesgartenschau hatte Gr\u00fcndungsversammlung!"},"content":{"rendered":"<style type=\"text\/css\"><\/style>\n<p>Kultur, Jugendbeteiligung, Ortsversch\u00f6nerung und Klimabilanz \u2013 das ist nur eine kleine Auswahl der vielf\u00e4ltigen Themen, denen sich der Freundeskreis Landesgartenschau Kirchheim unter dem Motto &#8222;Wir wachsen zusammen&#8220; widmet. Am 26. Juli 2021 wurde der neue Verein in Kirchheim gegr\u00fcndet. Bereits vor der Gr\u00fcndungsversammlung engagierten sich \u00fcber 65 Menschen aktiv in aktuell 10 thematisch gegliederten Teams, viele weitere unterst\u00fctzen die T\u00e4tigkeit.<br>Der Verein versteht sich als Bindeglied zwischen der Landesgartenschau, der Gemeinde Kirchheim und deren B\u00fcrgerinnen und B\u00fcrgern.<br>Zweck des Vereins ist die F\u00f6rderung des Naturschutzes und der Landschaftspflege, des Umweltschutzes einschlie\u00dflich des Klimaschutzes, der Heimatpflege und Ortsversch\u00f6nerung, die F\u00f6rderung von Kunst und Kultur sowie Bildung und Erziehung.<\/p>\n\n\n\n<p>In den Vorstand gew\u00e4hlt wurden J\u00fcrgen Brecht (Vorsitzender), Dr. Michaela Harlander (stellvertretende Vorsitzende), Bernd Altmann (Schatzmeister) und Lotte Herfurtner (Schriftf\u00fchrerin).<br>Der Verein freut sich \u00fcber jedes Mitglied! Der Mitgliedsbeitrag f\u00fcr Einzelpersonen betr\u00e4gt 20,24\u20ac, f\u00fcr Paare und Vereine 30\u20ac, f\u00fcr Jugendliche, Studenten und Auszubildende 5\u20ac. Firmen k\u00f6nnen ab 224 \u20ac Jahresbeitrag den Freundeskreis unterst\u00fctzen.<br><br>Die Gr\u00fcndungsmitglieder auf dem Foto von links nach rechts: Stephan Keck (2.B\u00fcrgermeister von Kirchheim), Heike Kraft, Anette Ganssm\u00fcller-Maluche (stellvertretende Landr\u00e4tin), Katrin Hinz, Elvira Charlotte Herfurtner, Bernd Altmann, Dr. Michaela Harlander, Paul Manzenrieder, Petra Kammerstetter, Burkhard Tenbusch, Thorsten Guhlke, J\u00fcrgen Brecht und Cornelia Haanraats.<\/p>\n\n\n\n<p>Zum Foto: Alle Gr\u00fcndungsmitglieder sind vollst\u00e4ndig geimpft, genesen oder getestet.<\/p>\n","protected":false},"excerpt":{"rendered":"<p>Kultur, Jugendbeteiligung, Ortsversch\u00f6nerung und Klimabilanz \u2013 das ist nur eine kleine Auswahl der vielf\u00e4ltigen Themen, denen sich der Freundeskreis Landesgartenschau Kirchheim unter dem Motto &#8222;Wir wachsen zusammen&#8220; widmet. Am 26. Juli 2021 wurde der neue Verein in Kirchheim gegr\u00fcndet. Bereits vor der Gr\u00fcndungsversammlung engagierten sich \u00fcber 65 Menschen aktiv in aktuell 10 thematisch gegliederten Teams,&#8230;<\/p>\n","protected":false},"author":1,"featured_media":210,"comment_status":"closed","ping_status":"closed","sticky":false,"template":"","format":"standard","meta":{"footnotes":""},"categories":[1],"tags":[5],"class_list":["post-132","post","type-post","status-publish","format-standard","has-post-thumbnail","hentry","category-allgemein","tag-verein"],"_links":{"self":[{"href":"https:\/\/www.freundeskreis-lgs2024.de\/index.php\/wp-json\/wp\/v2\/posts\/132","targetHints":{"allow":["GET"]}}],"collection":[{"href":"https:\/\/www.freundeskreis-lgs2024.de\/index.php\/wp-json\/wp\/v2\/posts"}],"about":[{"href":"https:\/\/www.freundeskreis-lgs2024.de\/index.php\/wp-json\/wp\/v2\/types\/post"}],"author":[{"embeddable":true,"href":"https:\/\/www.freundeskreis-lgs2024.de\/index.php\/wp-json\/wp\/v2\/users\/1"}],"replies":[{"embeddable":true,"href":"https:\/\/www.freundeskreis-lgs2024.de\/index.php\/wp-json\/wp\/v2\/comments?post=132"}],"version-history":[{"count":6,"href":"https:\/\/www.freundeskreis-lgs2024.de\/index.php\/wp-json\/wp\/v2\/posts\/132\/revisions"}],"predecessor-version":[{"id":157,"href":"https:\/\/www.freundeskreis-lgs2024.de\/index.php\/wp-json\/wp\/v2\/posts\/132\/revisions\/157"}],"wp:featuredmedia":[{"embeddable":true,"href":"https:\/\/www.freundeskreis-lgs2024.de\/index.php\/wp-json\/wp\/v2\/media\/210"}],"wp:attachment":[{"href":"https:\/\/www.freundeskreis-lgs2024.de\/index.php\/wp-json\/wp\/v2\/media?parent=132"}],"wp:term":[{"taxonomy":"category","embeddable":true,"href":"https:\/\/www.freundeskreis-lgs2024.de\/index.php\/wp-json\/wp\/v2\/categories?post=132"},{"taxonomy":"post_tag","embeddable":true,"href":"https:\/\/www.freundeskreis-lgs2024.de\/index.php\/wp-json\/wp\/v2\/tags?post=132"}],"curies":[{"name":"wp","href":"https:\/\/api.w.org\/{rel}","templated":true}]}}